{"id":198,"date":"2025-11-21T10:08:37","date_gmt":"2025-11-21T09:08:37","guid":{"rendered":"https:\/\/www.poslednistopa.cz\/?p=198"},"modified":"2025-11-21T10:24:10","modified_gmt":"2025-11-21T09:24:10","slug":"pomozte-nam-usporadat-konferenci-na-terramaci","status":"publish","type":"post","link":"https:\/\/www.poslednistopa.cz\/index.php\/2025\/11\/21\/pomozte-nam-usporadat-konferenci-na-terramaci\/","title":{"rendered":"Pomozte n\u00e1m uspo\u0159\u00e1dat konferenci na terramaci!"},"content":{"rendered":"\n<div class=\"wp-block-cover\"><img loading=\"lazy\" decoding=\"async\" width=\"1024\" height=\"715\" class=\"wp-block-cover__image-background wp-image-199\" alt=\"\" src=\"https:\/\/www.poslednistopa.cz\/wp-content\/uploads\/2025\/11\/s-meine-erde-1024x715.jpg\" data-object-fit=\"cover\" srcset=\"https:\/\/www.poslednistopa.cz\/wp-content\/uploads\/2025\/11\/s-meine-erde-1024x715.jpg 1024w, https:\/\/www.poslednistopa.cz\/wp-content\/uploads\/2025\/11\/s-meine-erde-300x209.jpg 300w, https:\/\/www.poslednistopa.cz\/wp-content\/uploads\/2025\/11\/s-meine-erde-768x536.jpg 768w, https:\/\/www.poslednistopa.cz\/wp-content\/uploads\/2025\/11\/s-meine-erde-1536x1072.jpg 1536w, https:\/\/www.poslednistopa.cz\/wp-content\/uploads\/2025\/11\/s-meine-erde-2048x1430.jpg 2048w\" sizes=\"auto, (max-width: 1024px) 100vw, 1024px\" \/><span aria-hidden=\"true\" class=\"wp-block-cover__background has-background-dim\"><\/span><div class=\"wp-block-cover__inner-container is-layout-flow wp-block-cover-is-layout-flow\">\n<p class=\"has-text-align-center has-large-font-size\"><\/p>\n<\/div><\/div>\n\n\n\n<p>Vn\u00edm\u00e1me, jak v posledn\u00edch letech vzr\u016fst\u00e1 z\u00e1jem o tuto inovativn\u00ed metodu poh\u0159ben\u00ed v \u010cesk\u00e9 republice a rozhodli jsme se vykro\u010dit sm\u011brem vst\u0159\u00edc k jej\u00edmu p\u0159ijet\u00ed t\u00edm, \u017ee zde uspo\u0159\u00e1d\u00e1me konferenci zam\u011b\u0159enou pr\u00e1v\u011b na toto t\u00e9ma <img loading=\"lazy\" decoding=\"async\" height=\"16\" width=\"16\" alt=\"\ud83d\udd16\" src=\"https:\/\/static.xx.fbcdn.net\/images\/emoji.php\/v9\/td1\/2\/16\/1f516.png\"><img loading=\"lazy\" decoding=\"async\" height=\"16\" width=\"16\" alt=\"\ud83d\udc68\u200d\ud83d\udcbc\" src=\"https:\/\/static.xx.fbcdn.net\/images\/emoji.php\/v9\/t9b\/2\/16\/1f468_200d_1f4bc.png\"><\/p>\n\n\n\n<p>Akci chyst\u00e1me na 28. kv\u011btna ve Francouzsk\u00e9m institutu v Praze a na\u0161e pozv\u00e1n\u00ed na ni p\u0159ijali na\u0161i partne\u0159i MEINE ERDE a Stiftung Reerdigung, kte\u0159\u00ed terramaci provozuj\u00ed v N\u011bmecku a mohou n\u00e1s s jej\u00edm procesem podrobn\u011b sezn\u00e1mit <img loading=\"lazy\" decoding=\"async\" height=\"16\" width=\"16\" alt=\"\ud83c\udde9\ud83c\uddea\" src=\"https:\/\/static.xx.fbcdn.net\/images\/emoji.php\/v9\/t75\/2\/16\/1f1e9_1f1ea.png\"><img loading=\"lazy\" decoding=\"async\" height=\"16\" width=\"16\" alt=\"\ud83e\udd1d\" src=\"https:\/\/static.xx.fbcdn.net\/images\/emoji.php\/v9\/t3\/2\/16\/1f91d.png\"><img loading=\"lazy\" decoding=\"async\" height=\"16\" width=\"16\" alt=\"\ud83c\udde8\ud83c\uddff\" src=\"https:\/\/static.xx.fbcdn.net\/images\/emoji.php\/v9\/td8\/2\/16\/1f1e8_1f1ff.png\"><\/p>\n\n\n\n<p>Zam\u011b\u0159\u00edme se na technologick\u00e9, byznysov\u00e9, legislativn\u00ed i ritu\u00e1ln\u00ed aspekty t\u00e9to metody. Konference budou krom\u011b ve\u0159ejnosti p\u0159\u00edtomni tak\u00e9 r\u016fzn\u00ed politici, odborn\u00edci a provozovatel\u00e9 poh\u0159ebn\u00edch slu\u017eeb, kte\u0159\u00ed n\u00e1sledn\u011b mohou napomoci jej\u00edmu p\u0159ijet\u00ed <img loading=\"lazy\" decoding=\"async\" height=\"16\" width=\"16\" alt=\"\u2696\ufe0f\" src=\"https:\/\/static.xx.fbcdn.net\/images\/emoji.php\/v9\/t8b\/2\/16\/2696.png\"><img loading=\"lazy\" decoding=\"async\" height=\"16\" width=\"16\" alt=\"\ud83d\udc69\u200d\u2696\ufe0f\" src=\"https:\/\/static.xx.fbcdn.net\/images\/emoji.php\/v9\/tfd\/2\/16\/1f469_200d_2696.png\"><\/p>\n\n\n\n<p>V tuto chv\u00edli v\u0161ak nem\u00e1me dostatek prost\u0159edk\u016f na jej\u00ed uspo\u0159\u00e1d\u00e1n\u00ed, a tak jsme vypsali ve\u0159ejnou sb\u00edrku prost\u0159ednictv\u00edm port\u00e1lu znesn\u00e1ze a pros\u00edme V\u00e1s o pomoc s jej\u00edm financov\u00e1n\u00edm. Ka\u017ed\u00e1 korunka se po\u010d\u00edt\u00e1 <img loading=\"lazy\" decoding=\"async\" height=\"16\" width=\"16\" alt=\"\ud83d\ude4f\" src=\"https:\/\/static.xx.fbcdn.net\/images\/emoji.php\/v9\/t1f\/2\/16\/1f64f.png\"><img loading=\"lazy\" decoding=\"async\" height=\"16\" width=\"16\" alt=\"\ud83d\udcb8\" src=\"https:\/\/static.xx.fbcdn.net\/images\/emoji.php\/v9\/t1\/2\/16\/1f4b8.png\"><\/p>\n\n\n\n<p>V\u00edce informac\u00ed u\u017e najdete tam:<\/p>\n\n\n\n<p><a href=\"https:\/\/www.znesnaze21.cz\/sbirka\/pomozte-otevrit-diskusi-o-ekologickem-pohrbivani-v-cesku\" data-type=\"link\" data-id=\"https:\/\/www.znesnaze21.cz\/sbirka\/pomozte-otevrit-diskusi-o-ekologickem-pohrbivani-v-cesku\">https:\/\/www.znesnaze21.cz\/sbirka\/pomozte-otevrit-diskusi-o-ekologickem-pohrbivani-v-cesku<\/a><\/p>\n\n\n\n<p>D\u011bkujeme, \u017ee kr\u00e1\u010d\u00edte s n\u00e1mi <img loading=\"lazy\" decoding=\"async\" height=\"16\" width=\"16\" alt=\"\ud83e\udef6\" src=\"https:\/\/static.xx.fbcdn.net\/images\/emoji.php\/v9\/te8\/2\/16\/1faf6.png\"><img loading=\"lazy\" decoding=\"async\" height=\"16\" width=\"16\" alt=\"\ud83d\udc63\" src=\"https:\/\/static.xx.fbcdn.net\/images\/emoji.php\/v9\/t28\/2\/16\/1f463.png\"><\/p>\n","protected":false},"excerpt":{"rendered":"<p>Vn\u00edm\u00e1me, jak v posledn\u00edch letech vzr\u016fst\u00e1 z\u00e1jem o tuto inovativn\u00ed metodu poh\u0159ben\u00ed v \u010cesk\u00e9 republice a rozhodli jsme se vykro\u010dit sm\u011brem vst\u0159\u00edc k jej\u00edmu p\u0159ijet\u00ed t\u00edm, \u017ee zde uspo\u0159\u00e1d\u00e1me konferenci zam\u011b\u0159enou pr\u00e1v\u011b na toto t\u00e9ma Akci chyst\u00e1me na 28. kv\u011btna ve Francouzsk\u00e9m institutu v Praze a na\u0161e pozv\u00e1n\u00ed na ni p\u0159ijali na\u0161i partne\u0159i MEINE ERDE [&hellip;]<\/p>\n","protected":false},"author":2,"featured_media":199,"comment_status":"open","ping_status":"open","sticky":false,"template":"","format":"standard","meta":{"footnotes":""},"categories":[1],"tags":[],"class_list":["post-198","post","type-post","status-publish","format-standard","has-post-thumbnail","hentry","category-nezarazene"],"_links":{"self":[{"href":"https:\/\/www.poslednistopa.cz\/index.php\/wp-json\/wp\/v2\/posts\/198","targetHints":{"allow":["GET"]}}],"collection":[{"href":"https:\/\/www.poslednistopa.cz\/index.php\/wp-json\/wp\/v2\/posts"}],"about":[{"href":"https:\/\/www.poslednistopa.cz\/index.php\/wp-json\/wp\/v2\/types\/post"}],"author":[{"embeddable":true,"href":"https:\/\/www.poslednistopa.cz\/index.php\/wp-json\/wp\/v2\/users\/2"}],"replies":[{"embeddable":true,"href":"https:\/\/www.poslednistopa.cz\/index.php\/wp-json\/wp\/v2\/comments?post=198"}],"version-history":[{"count":3,"href":"https:\/\/www.poslednistopa.cz\/index.php\/wp-json\/wp\/v2\/posts\/198\/revisions"}],"predecessor-version":[{"id":203,"href":"https:\/\/www.poslednistopa.cz\/index.php\/wp-json\/wp\/v2\/posts\/198\/revisions\/203"}],"wp:featuredmedia":[{"embeddable":true,"href":"https:\/\/www.poslednistopa.cz\/index.php\/wp-json\/wp\/v2\/media\/199"}],"wp:attachment":[{"href":"https:\/\/www.poslednistopa.cz\/index.php\/wp-json\/wp\/v2\/media?parent=198"}],"wp:term":[{"taxonomy":"category","embeddable":true,"href":"https:\/\/www.poslednistopa.cz\/index.php\/wp-json\/wp\/v2\/categories?post=198"},{"taxonomy":"post_tag","embeddable":true,"href":"https:\/\/www.poslednistopa.cz\/index.php\/wp-json\/wp\/v2\/tags?post=198"}],"curies":[{"name":"wp","href":"https:\/\/api.w.org\/{rel}","templated":true}]}}