{"id":130,"date":"2025-05-13T14:04:47","date_gmt":"2025-05-13T12:04:47","guid":{"rendered":"https:\/\/www.poslednistopa.cz\/?p=130"},"modified":"2025-05-28T17:49:09","modified_gmt":"2025-05-28T15:49:09","slug":"petice-a-jednani-na-mmr","status":"publish","type":"post","link":"https:\/\/www.poslednistopa.cz\/index.php\/2025\/05\/13\/petice-a-jednani-na-mmr\/","title":{"rendered":"Petice a jedn\u00e1n\u00ed na MMR"},"content":{"rendered":"\n<p>Na za\u010d\u00e1tku roku 2023 jsme jako spolek vypsali petici za svobodn\u00e9 a udr\u017eiteln\u00e9 poh\u0159ebnictv\u00ed adresovanou Ministerstvu pro m\u00edstn\u00ed rozvoj. Poukazovali jsme na to, \u017ee z\u00e1kon o poh\u0159ebnictv\u00ed nedostate\u010dn\u011b reaguje na zm\u011bny, kter\u00e9 se od jeho p\u0159ijet\u00ed ud\u00e1ly nap\u0159\u00ed\u010d spole\u010dnost\u00ed a zaslou\u017e\u00ed si revizi. Usilovali jsme hlavn\u011b o kroky sm\u011brem k v\u011bt\u0161\u00ed svobod\u011b a udr\u017eitelnosti, tyto snahy jsme op\u00edrali o Listinu z\u00e1kladn\u00edch pr\u00e1v a svobod i Pa\u0159\u00ed\u017eskou dohodu. <a href=\"https:\/\/docs.google.com\/document\/u\/1\/d\/1KugcABLKriD8za74QUX0Pw3V13lfK_mzXcR5B7oWKxw\/edit\">Cel\u00e9 zn\u011bn\u00ed t\u00e9to u\u017e ukon\u010den\u00e9 petice si m\u016f\u017eete p\u0159e\u010d\u00edst zde.<\/a><\/p>\n\n\n\n<p>Tou dobou jsme jako spolek byli \u010dleni a \u010dlenky pracovn\u00ed skupiny pro poh\u0159ebnictv\u00ed na MMR, kterou organizoval Mgr. Tom\u00e1\u0161 Kotrl\u00fd, Th.D. a m\u011bla zprost\u0159edkov\u00e1vat dialog mezi ministerstvem a odbornou ve\u0159ejnost\u00ed. V podstat\u011b hned pot\u00e9, co jsme petici vypsali, n\u00e1m p\u0159i\u0161lo vyzv\u00e1n\u00ed, abychom o ni p\u0159i\u0161li jednat na p\u0159\u00ed\u0161t\u00ed sch\u016fzi t\u00e9to skupiny (p\u0159esto\u017ee v tu dobu m\u011bla petice jen p\u00e1r des\u00edtek podpis\u016f).&nbsp;<\/p>\n\n\n\n<p><a href=\"https:\/\/mmr.gov.cz\/cs\/ministerstvo\/pohrebnictvi\/aktuality\/z-11-jednani-pracovni-skupiny-mmr-pro-pohrebnictvi\">Z\u00e1pis z jedn\u00e1n\u00ed<\/a><\/p>\n\n\n\n<p>Zp\u011btn\u011b si velmi v\u00e1\u017e\u00edm toho, \u017ee jsme tehdy dost\u00e1vali tolik prostoru jako\u017eto \u00fapln\u011b nov\u00fd spolek o t\u0159ech mlad\u00fdch lidech s teprve kr\u00e1tk\u00fdmi zku\u0161enostmi v poh\u0159ebnictv\u00ed u jednoho stolu s letit\u00fdmi matadory, z\u00e1stupci t\u011bch nejv\u011bt\u0161\u00edch poh\u0159ebn\u00edch slu\u017eeb a sdru\u017een\u00ed u n\u00e1s. Na druhou stranu mi do\u0161lo, \u017ee jsme vlastn\u011b byli p\u0159edev\u0161\u00edm takovou divokou kartou pana Kotrl\u00e9ho do je\u0161t\u011b st\u00e1le velice rozbou\u0159en\u00e9 partie mari\u00e1\u0161e dozn\u00edvaj\u00edc\u00ed novely 2017.<\/p>\n\n\n\n<p>A to se v\u00fdrazn\u011b prom\u00edtlo i do toho, jak se na n\u00e1s a na\u0161e n\u00e1vrhy d\u00edvali ostatn\u00ed \u010dlenov\u00e9 skupiny. Ne\u0161lo ani tak o souhlas \u010di nesouhlas, ale bohu\u017eel se diskuze za\u010dala to\u010dit sp\u00ed\u0161e kolem k\u0159ivdy, \u017ee jejich vlastn\u00edm po\u017eadavk\u016fm se takov\u00e9 v\u00e1\u017enosti nikdy nedostalo, p\u0159i\u010dem\u017e n\u011bjak\u00fd hrobn\u00edk zelen\u00e1\u010d tu dost\u00e1v\u00e1 tolik prostoru. A vlastn\u011b jsem jejich rozho\u0159\u010den\u00ed rozum\u011bl, nep\u0159ipadal jsem si v nijak siln\u00e9 a sebev\u011bdom\u00e9 pozici.&nbsp;<\/p>\n\n\n\n<p>Sna\u017eil jsem se sp\u00ed\u0161e o zah\u00e1jen\u00ed debaty a nadnesl p\u00e1r n\u00e1vrh\u016f, o kter\u00fdch v\u00edm, jak funguj\u00ed na z\u00e1pad\u011b a um\u00edm si je obh\u00e1jit, jako poh\u0159eb bez rakve \u010di men\u0161\u00ed minim\u00e1ln\u00ed hloubka hrobu. Cesta ke konsensu nane\u0161t\u011bst\u00ed z\u00edskala ne\u0161\u0165astn\u00fd sp\u00e1d kv\u016fli tomu, \u017ee pan Kotrl\u00fd prohl\u00e1sil, \u017ee tato praxe je dnes za dodr\u017een\u00ed ur\u010dit\u00fdch (za m\u011b velice zcestn\u00fdch) podm\u00ednek mo\u017en\u00e1 a nen\u00ed t\u00edm p\u00e1dem pot\u0159eba z\u00e1kon m\u011bnit. Na\u010de\u017e se setkal s protestem \u00fapln\u011b v\u0161ech v\u010detn\u011b n\u00e1s a debata se sto\u010dila \u00fapln\u011b jinam.<\/p>\n\n\n\n<p>Odn\u00e1\u0161\u00edm si z toho pocit, \u017ee v\u011bt\u0161ina t\u011bchto lid\u00ed z oboru v\u016f\u010di t\u011bmto na\u0161im n\u00e1vrh\u016fm (v\u010detn\u011b legalizace terramace \u010di aquamace) nen\u00ed nijak z\u00e1sadn\u011b proti, sp\u00ed\u0161 je nepova\u017euj\u00ed za d\u016fle\u017eit\u00e9 a podle n\u00e1zoru mnoh\u00fdch je t\u0159eba v tuto chv\u00edli \u0159e\u0161it mnohem d\u016fle\u017eit\u011bj\u0161\u00ed v\u011bci, kter\u00e9 se net\u00fdkaj\u00ed jen po\u017eadavk\u016f n\u011bjak\u00e9 \u2018hrstky alternativn\u00edch lid\u00ed\u2019, ale obecn\u00e9ho fungov\u00e1n\u00ed nap\u0159. poh\u0159ebn\u00edch slu\u017eeb. K tomu jsem nem\u011bl moc co dodat, chyb\u011bla mi v tu chv\u00edli data a podpisy pod petici, abych dok\u00e1zal, \u017ee nejde o tak margin\u00e1ln\u00ed skupinu lid\u00ed, jak se m\u016f\u017ee zd\u00e1t.<\/p>\n\n\n\n<p>V opozici t\u011bm praktik\u00e1m st\u00e1l jeden konzervativn\u011bj\u0161\u00ed pracovn\u00edk ministerstva, kter\u00fd se oh\u00e1n\u011bl takov\u00fdm t\u00edm typick\u00fdm slippery slopem, \u017ee pokud dnes povol\u00edme terramaci, z\u00edtra budeme krmit na\u0161imi t\u011bly supy. Za m\u011b bychom jako potrava pro zv\u011b\u0159 klidn\u011b skon\u010dit mohli (rozhodn\u011b by to bylo v souladu s principy svobody a udr\u017eitelnosti), ale asi jsem se tehdy dr\u017eel zp\u00e1tky a op\u00e1\u010dil mu osv\u011bd\u010denou prax\u00ed v n\u00e1mi kulturn\u011b bl\u00edzk\u00fdch zem\u00edch.<\/p>\n\n\n\n<p>Dlouho se tam tak\u00e9 \u0159e\u0161ilo poh\u0159b\u00edv\u00e1n\u00ed sv\u00e9pomoc\u00ed, kter\u00e9 jsme jako t\u00e9ma nenadnesli my, ale sami z\u00e1stupci poh\u0159ebn\u00edch slu\u017eeb, kte\u0159\u00ed p\u0159edpokl\u00e1dali, \u017ee jsme jeho zast\u00e1nci, a tak se do toho slam\u011bn\u00e9ho pan\u00e1ka s chut\u00ed pustili. Pro n\u011b je to toti\u017e jako \u010derven\u00e1 barva na b\u00fdka, kdy\u017e si p\u0159edstav\u00ed, \u017ee by se lid\u00e9 v budoucnu mohli obej\u00edt bez jejich slu\u017eeb. Dokonce jsme se do\u010dkali pom\u011brn\u011b obs\u00e1hl\u00e9 a drsn\u00e9 prezentace fotek mrtv\u00fdch t\u011bl po autonehod\u00e1ch. Ano, v t\u011bhle p\u0159\u00edpadech by lid\u00e9 pravd\u011bpodobn\u011b st\u00e1le volili poh\u0159ebn\u00ed slu\u017eby, i kdy\u017e by to nebylo vynucen\u00e9 z\u00e1konem. Nejsp\u00ed\u0161 by je nad\u00e1le volili i ve velk\u00e9m procentu b\u011b\u017en\u00fdch p\u0159\u00edpad\u016f. Sta\u010dilo by je d\u011blat kvalitn\u011b a lid\u00e9 by si je objedn\u00e1vali sami od sebe, ne z povinnosti.<\/p>\n\n\n\n<p>Ale o tom jindy. Jedn\u00e1n\u00ed na ministerstvu tehdy \u017e\u00e1dn\u00fd z\u00e1v\u011br nep\u0159inesla, my si z nich odnesli jen spoustu cenn\u00fdch zku\u0161enost\u00ed, pln\u00e1 b\u0159icha chleb\u00ed\u010dk\u016f a pou\u010den\u00ed pro p\u0159\u00ed\u0161t\u011b. Sb\u00edr\u00e1n\u00ed podpis\u016f pod petici, kter\u00e9 po t\u011bchto jedn\u00e1n\u00edch n\u00e1sledovalo, u\u017e na z\u00e1klad\u011b nov\u011b nabyt\u00fdch zku\u0161enost\u00ed najednou nebylo takovou prioritou. Postupn\u011b ustupovalo na\u0161\u00ed dal\u0161\u00ed agend\u011b, a\u017e jsme se rozhodli tuto petici \u00fapln\u011b ukon\u010dit. C\u00edtili jsme, \u017ee to mus\u00edme zkusit cel\u00e9 znovu a l\u00e9pe. Velk\u00e9 d\u00edky v\u0161em, co se tehdy podepsali nebo n\u00e1m i pom\u00e1hali podpisy sb\u00edrat.<\/p>\n\n\n\n<p><strong>A jak\u00e9 si z toho odn\u00e1\u0161\u00edme pou\u010den\u00ed pro p\u0159\u00ed\u0161t\u011b?<\/strong><\/p>\n\n\n\n<p>Je jasn\u00e9, \u017ee budeme muset ud\u011blat mnohem intenzivn\u011bj\u0161\u00ed kampa\u0148 a v\u011bnovat se j\u00ed naplno v\u0161emi silami na\u0161eho spolku. Lep\u0161\u00ed p\u00e1r nabit\u00fdch m\u011bs\u00edc\u016f ne\u017e n\u011bkolik rozvlekl\u00fdch let. Takovou kampa\u0148 je nutn\u00e9 uchopit jako ka\u017ed\u00fd v\u011bt\u0161\u00ed projekt &#8211; jasn\u011b si rozdat role, \u00fakoly, deadliny, rozpo\u010dty a tak d\u00e1le. Do t\u00e9 doby bychom m\u011bli zn\u00e1sobit n\u00e1\u0161 dosah a potenci\u00e1l oslovit \u0161irok\u00e9 publikum. D\u00edky neust\u00e1le se roz\u0161i\u0159uj\u00edc\u00ed \u010dlensk\u00e9 z\u00e1kladn\u011b i na\u0161\u00ed pr\u016fb\u011b\u017en\u00e9 osv\u011btov\u00e9 \u010dinnosti v\u011b\u0159\u00edm, \u017ee u\u017e jsme na spr\u00e1vn\u00e9 trajektorii.<\/p>\n\n\n\n<p>M\u00e1-li tato kampa\u0148 znovu zahrnovat petici, mus\u00edme v n\u00ed jasn\u011b definovat konkr\u00e9tn\u00ed po\u017eadavky toho, co bychom cht\u011bli v z\u00e1kon\u011b o poh\u0159ebnictv\u00ed zm\u011bnit. P\u0159ede\u0161lou petici jsme pojali sp\u00ed\u0161e hodnotov\u011b a sna\u017eili se b\u00fdt otev\u0159en\u00ed v\u00edce c\u00edl\u016fm, kter\u00e9 teprve maj\u00ed vzej\u00edt z diskuze, ale chyb\u011bl tomu tah na branku. Uvedeme-li, \u017ee po\u017eadujeme uzn\u00e1n\u00ed terramace jako dal\u0161\u00ed metody poh\u0159ben\u00ed v \u00a7 2, v odstavci 1, p\u00edsm. e) Z\u00e1kona o poh\u0159ebnictv\u00ed \u010d. 256\/2001 Sb., vys\u00edl\u00e1me t\u00edm jasn\u00fd sign\u00e1l, v\u00edme p\u0159esn\u011b o \u010dem jednat, jak\u00e9 podklady si p\u0159ichystat a \u010d\u00edm argumentovat.&nbsp;<\/p>\n\n\n\n<p>V prvn\u00ed \u0159ad\u011b mus\u00edme jednozna\u010dn\u011b oslovit ve\u0159ejnost a z\u00edskat data, na z\u00e1klad\u011b kter\u00fdch budeme schopni demonstrovat jej\u00ed z\u00e1jem. To m\u016f\u017ee b\u00fdt op\u011bt formou petice \u010di pr\u016fzkumem ve\u0159ejn\u00e9ho m\u00edn\u011bn\u00ed, za m\u011b je ide\u00e1ln\u00ed oboj\u00ed. S t\u011bmito daty v ruce bychom n\u00e1sledn\u011b m\u011bli oslovovat poslance a poslankyn\u011b, dokud se mezi nimi nenajde n\u011bkdo, kdo se pro tuto agendu nadchne, pochop\u00ed, \u017ee na n\u00ed m\u016f\u017ee z\u00edskat cenn\u00e9 politick\u00e9 body a stane se na\u0161\u00edm spojencem\/spojenkyn\u00ed. Teprve pot\u00e9 bychom m\u011bli za\u010d\u00edt jednat na p\u016fd\u011b ministerstva. Na\u0161e p\u0159edstava, \u017ee nejprve oslov\u00edme experty na ministerstvu a ti pak pro na\u0161i v\u011bc z\u00edskaj\u00ed podporu v parlamentu, byla naivn\u00ed. Teprve s politick\u00fdm tlakem shora maj\u00ed tito \u00fa\u0159edn\u00edci v\u016fli konat, jinak je to pro n\u011b jen v\u00edce \u010di m\u00e9n\u011b zbyte\u010dn\u00e1 pr\u00e1ce nav\u00edc.<\/p>\n\n\n\n<p>Ona kampa\u0148 by se m\u011bla t\u00fdkat nejen ve\u0159ejnosti laick\u00e9, ale i ve\u0159ejnosti odborn\u00e9. M\u011blo by b\u00fdt v na\u0161em z\u00e1jmu v\u00e9st soub\u011b\u017en\u011b dialog i s poh\u0159ebn\u00edmi slu\u017ebami a sdru\u017een\u00edmi, proto\u017ee jakmile se bude znovu zasahovat do z\u00e1kona, budou si tam cht\u00edt prosadit i sv\u00e9 vlastn\u00ed z\u00e1jmy a m\u016f\u017ee to b\u00fdt oboustrann\u011b v\u00fdhodn\u00e9, klepat na stejn\u00e9 br\u00e1ny. Samoz\u0159ejm\u011b jen za p\u0159edpokladu, \u017ee nebudeme ve vz\u00e1jemn\u00e9m rozporu. Z\u00e1rove\u0148 na\u0161e z\u00e1jmy mohou b\u00fdt (a m\u011bly by b\u00fdt) i jejich z\u00e1jmy, proto\u017ee potenci\u00e1ln\u00ed zm\u011bna z\u00e1kona jim umo\u017en\u00ed roz\u0161\u00ed\u0159it paletu slu\u017eeb pro sv\u00e9 klienty a je na n\u00e1s jim to t\u00edmto zp\u016fsobem pod\u00e1vat.<\/p>\n\n\n\n<p>A kdy pro to nastane ten spr\u00e1vn\u00fd \u010das? To je pro m\u011b t\u011b\u017ek\u00e1 ot\u00e1zka. Rozhodn\u011b v\u00edm, \u017ee to nen\u00ed te\u010f a ani v tomto roce, mus\u00edme si toho je\u0161t\u011b hodn\u011b odpracovat dovnit\u0159 spolku i navenek. Vystihnout spr\u00e1vn\u00fd moment a dok\u00e1zat z rozvoje poh\u0159ebnictv\u00ed ud\u011blat politick\u00e9 t\u00e9ma pak nebude v\u016fbec jednoduch\u00e9. Up\u0159\u00edmn\u011b \u0159e\u010deno, ani j\u00e1 ho moment\u00e1ln\u011b nevn\u00edm\u00e1m jako tolik pal\u010div\u00fd probl\u00e9m jako digitalizaci nebo krizi bydlen\u00ed, ob\u011b mnohem v\u00fdrazn\u011bj\u0161\u00ed agendy tak\u00e9 spadaj\u00edc\u00ed pod Ministerstvo pro m\u00edstn\u00ed rozvoj.<\/p>\n\n\n\n<p>Ale je jen ot\u00e1zkou \u010dasu, ne\u017e k tomu dojde a my jako Posledn\u00ed stopa budeme u toho. Ostatn\u011b s t\u00edmhle c\u00edlem n\u00e1\u0161 spolek vznikl a sp\u00ed\u0161e ne\u017e tyto snahy poh\u0159b\u00edme sami sebe. A to hezky bez rakv\u00ed, do metru hloubky, mo\u017en\u00e1 zkompostovan\u00fd, mo\u017en\u00e1 rozpu\u0161t\u011bn\u00fd, mo\u017en\u00e1 n\u00e1s nakonec i hod\u00ed t\u011bm sup\u016fm\u2026<\/p>\n\n\n\n<p><em>autor: Adam Vok\u00e1\u010d<\/em><\/p>\n\n\n\n<p><\/p>\n","protected":false},"excerpt":{"rendered":"<p>Na za\u010d\u00e1tku roku 2023 jsme jako spolek vypsali petici za svobodn\u00e9 a udr\u017eiteln\u00e9 poh\u0159ebnictv\u00ed adresovanou Ministerstvu pro m\u00edstn\u00ed rozvoj. Poukazovali jsme na to, \u017ee z\u00e1kon o poh\u0159ebnictv\u00ed nedostate\u010dn\u011b reaguje na zm\u011bny, kter\u00e9 se od jeho p\u0159ijet\u00ed ud\u00e1ly nap\u0159\u00ed\u010d spole\u010dnost\u00ed a zaslou\u017e\u00ed si revizi. Usilovali jsme hlavn\u011b o kroky sm\u011brem k v\u011bt\u0161\u00ed svobod\u011b a udr\u017eitelnosti, tyto [&hellip;]<\/p>\n","protected":false},"author":2,"featured_media":132,"comment_status":"open","ping_status":"open","sticky":false,"template":"","format":"standard","meta":{"footnotes":""},"categories":[1],"tags":[],"class_list":["post-130","post","type-post","status-publish","format-standard","has-post-thumbnail","hentry","category-nezarazene"],"_links":{"self":[{"href":"https:\/\/www.poslednistopa.cz\/index.php\/wp-json\/wp\/v2\/posts\/130","targetHints":{"allow":["GET"]}}],"collection":[{"href":"https:\/\/www.poslednistopa.cz\/index.php\/wp-json\/wp\/v2\/posts"}],"about":[{"href":"https:\/\/www.poslednistopa.cz\/index.php\/wp-json\/wp\/v2\/types\/post"}],"author":[{"embeddable":true,"href":"https:\/\/www.poslednistopa.cz\/index.php\/wp-json\/wp\/v2\/users\/2"}],"replies":[{"embeddable":true,"href":"https:\/\/www.poslednistopa.cz\/index.php\/wp-json\/wp\/v2\/comments?post=130"}],"version-history":[{"count":2,"href":"https:\/\/www.poslednistopa.cz\/index.php\/wp-json\/wp\/v2\/posts\/130\/revisions"}],"predecessor-version":[{"id":159,"href":"https:\/\/www.poslednistopa.cz\/index.php\/wp-json\/wp\/v2\/posts\/130\/revisions\/159"}],"wp:featuredmedia":[{"embeddable":true,"href":"https:\/\/www.poslednistopa.cz\/index.php\/wp-json\/wp\/v2\/media\/132"}],"wp:attachment":[{"href":"https:\/\/www.poslednistopa.cz\/index.php\/wp-json\/wp\/v2\/media?parent=130"}],"wp:term":[{"taxonomy":"category","embeddable":true,"href":"https:\/\/www.poslednistopa.cz\/index.php\/wp-json\/wp\/v2\/categories?post=130"},{"taxonomy":"post_tag","embeddable":true,"href":"https:\/\/www.poslednistopa.cz\/index.php\/wp-json\/wp\/v2\/tags?post=130"}],"curies":[{"name":"wp","href":"https:\/\/api.w.org\/{rel}","templated":true}]}}