{"id":1,"date":"2025-02-21T08:58:56","date_gmt":"2025-02-21T07:58:56","guid":{"rendered":"https:\/\/www.poslednistopa.cz\/?p=1"},"modified":"2025-05-28T19:20:23","modified_gmt":"2025-05-28T17:20:23","slug":"ahoj-vsichni","status":"publish","type":"post","link":"https:\/\/www.poslednistopa.cz\/index.php\/2025\/02\/21\/ahoj-vsichni\/","title":{"rendered":"Pro\u010d Posledn\u00ed stopa?"},"content":{"rendered":"\n<p>Kdy\u017e jsme spolek zakl\u00e1dali a j\u00e1 vym\u00fd\u0161lel jeho n\u00e1zev, c\u00edtil jsem velkou pot\u0159ebu upozor\u0148ovat na uhl\u00edkovou stopu kremace, proto\u017ee mi vadilo, \u017ee u n\u00e1s tohle t\u00e9ma nikdo nezved\u00e1. P\u0159\u00edrodn\u00edmu poh\u0159ebnictv\u00ed u n\u00e1s v\u017edy p\u0159edch\u00e1zela kremace a m\u011b p\u0159i\u0161lo celkem pokryteck\u00e9, tv\u00e1\u0159it se, jako by cel\u00e1 ta plej\u00e1da zne\u010di\u0161t\u011bn\u00ed, co vznik\u00e1 v krematoriu, neexistovala a v\u0161e sta\u010dilo zakr\u00fdt p\u0159\u00edrodn\u00edm ulo\u017een\u00edm popela.&nbsp; Popela nebo sp\u00ed\u0161e rozdrcen\u00fdch kost\u00ed, kter\u00e9 nav\u00edc ve sv\u00e9 koncentrovan\u00e9 podob\u011b negativn\u011b ovliv\u0148uj\u00ed pH v p\u016fd\u011b, vysu\u0161uj\u00ed ji a mohou \u2018sp\u00e1lit\u2019 ko\u0159eny rostlin. Byl jsem o mnoho radik\u00e1ln\u011bj\u0161\u00ed a zam\u011b\u0159en\u00fd na tu \u2018udr\u017eitelnou\u2019 str\u00e1nku problematiky. Posledn\u00ed stopa byla pro m\u011b tehdy hlavn\u011b Posledn\u00ed uhl\u00edkov\u00e1 \u010di Posledn\u00ed ekologick\u00e1 stopa.<\/p>\n\n\n\n<p>Za ta l\u00e9ta se mi pohled zm\u011bnil a vn\u00edm\u00e1m ji dnes sp\u00ed\u0161e jako takov\u00fd Posledn\u00ed otisk, Posledn\u00ed gesto, kter\u00e9 nese hlubokou symboliku a m\u00e1 potenci\u00e1l m\u011bnit sv\u011bt. Dovedla m\u011b k tomu p\u0159edev\u0161\u00edm m\u00e1 h\u0159bitovn\u00ed praxe a spolu\u00fa\u010dast na ob\u0159adech posledn\u00edho rozlou\u010den\u00ed v obklopen\u00ed p\u0159\u00edrody. D\u00edky tomu, \u017ee jsem mohl b\u00fdt sv\u011bdkem tolika otev\u0159en\u00ed emoc\u00ed a hlubok\u00fdch vyzn\u00e1n\u00ed p\u0159i ob\u0159adech veden\u00fdch m\u00fdmi kolegyn\u011bmi, velice schopn\u00fdmi ob\u0159adnicemi, jsem poznal skute\u010dnou s\u00edlu p\u0159\u00edrodn\u00edho poh\u0159ebnictv\u00ed. Vid\u011bl jsem usm\u00ed\u0159it se dlouho znesv\u00e1\u0159enou rodinu, sly\u0161el jsem sm\u00edch a \u00falevu po vyrovn\u00e1n\u00ed s tragickou ztr\u00e1tou dcery, m\u011bl jsem mo\u017enost state\u010dn\u00e9 d\u00e1m\u011b s rakovinou vykouzlit \u00fasm\u011bv na tv\u00e1\u0159i nad rozkvetlou loukou, kter\u00e9 se brzy m\u00e1 st\u00e1t sou\u010d\u00e1st\u00ed.<\/p>\n\n\n\n<p>Neberte m\u011b \u0161patn\u011b, uhl\u00edkov\u00e1 stopa poh\u0159b\u00edv\u00e1n\u00ed po\u0159\u00e1d hraje svou roli a je d\u016fle\u017eit\u00e9 usilovat o jej\u00ed sni\u017eov\u00e1n\u00ed. Po\u0159\u00e1d by bylo lep\u0161\u00ed, kdybychom ke ko\u0159en\u016fm rostlin mohli ukl\u00e1dat kompost z terramace sp\u00ed\u0161e ne\u017e-li popel a jako spolek pro to budeme d\u00e1l d\u011blat v\u0161e, co je v na\u0161ich sil\u00e1ch. Pokud to ale zat\u00edm nejde, neznamen\u00e1 to, \u017ee bychom tuhle praktiku m\u011bli zavrhovat. Po\u0159\u00e1d v sob\u011b toti\u017e nese silnou symboliku a to se st\u00e1v\u00e1 alespo\u0148 pro m\u011b na z\u00e1klad\u011b m\u00e9ho rostouc\u00edho pozn\u00e1n\u00ed st\u00e1le v\u011bt\u0161\u00ed prioritou.&nbsp;<\/p>\n\n\n\n<p>Jako velmi siln\u00fd te\u010f vn\u00edm\u00e1m potenci\u00e1l p\u0159\u00edrodn\u00edho poh\u0159ebnictv\u00ed m\u011bnit p\u0159em\u00fd\u0161len\u00ed lid\u00ed, p\u0159in\u00e1\u0161et nov\u00fd pohled na sebe sama jako sou\u010d\u00e1st p\u0159\u00edrody a jej\u00edho kolob\u011bhu, pozn\u00e1n\u00ed terapeutick\u00fdch schopnost\u00ed les\u016f a luk a mnoho dal\u0161\u00edho. D\u00edky tomu, \u017ee si \u010dlov\u011bk zvol\u00ed pr\u00e1v\u011b takovou posledn\u00ed stopu a des\u00edtky poz\u016fstal\u00fdch se z\u00fa\u010dastn\u00ed jeho \u010di jej\u00edho poh\u0159bu, otev\u0159ou zde sv\u00e9 emoce, zk\u0159ehnou a nechaj\u00ed na sebe p\u016fsobit l\u00e9\u010div\u00e9 schopnosti p\u0159\u00edrody, nejsp\u00ed\u0161 pak odejdou nav\u017edycky po\u017eehnan\u00ed, sm\u00ed\u0159en\u00ed a v souladu. To pak m\u016f\u017ee ovlivnit i jejich dal\u0161\u00ed kroky a stopy. Takovou m\u00e1 posledn\u00ed stopa moc.<\/p>\n\n\n\n<p>Dob\u0159e to vystihla Caitlin Doughty, nesm\u00edrn\u011b inspirativn\u00ed \u017eena, na z\u00e1v\u011br sv\u00e9ho <a href=\"https:\/\/www.ted.com\/talks\/caitlin_doughty_a_burial_practice_that_nourishes_the_planet\">TED talku<\/a>:<\/p>\n\n\n\n<blockquote class=\"wp-block-quote is-layout-flow wp-block-quote-is-layout-flow\">\n<p><em>Vy\u0159e\u0161\u00ed tato zm\u011bna poh\u0159b\u00edv\u00e1n\u00ed na\u0161ich zesnul\u00fdch klimatickou krizi? Ne. Ale ud\u011bl\u00e1me t\u00edm sm\u011bl\u00e9 kroky vedouc\u00ed ke zm\u011bn\u011b toho, jak vn\u00edm\u00e1me sebe sama jako sou\u010d\u00e1st t\u00e9to planety.<\/em> <em>Pokud dok\u00e1\u017eeme odej\u00edt pokorn\u011bj\u0161\u00ed a uv\u011bdom\u011blej\u0161\u00ed cestou, pak v\u011b\u0159\u00edm, \u017ee m\u00e1me \u0161anci.<\/em><\/p>\n<\/blockquote>\n\n\n\n<p><em>autor: Adam Vok\u00e1\u010d<\/em><\/p>\n\n\n\n<p><\/p>\n","protected":false},"excerpt":{"rendered":"<p>Kdy\u017e jsme spolek zakl\u00e1dali a j\u00e1 vym\u00fd\u0161lel jeho n\u00e1zev, c\u00edtil jsem velkou pot\u0159ebu upozor\u0148ovat na uhl\u00edkovou stopu kremace, proto\u017ee mi vadilo, \u017ee u n\u00e1s tohle t\u00e9ma nikdo nezved\u00e1. P\u0159\u00edrodn\u00edmu poh\u0159ebnictv\u00ed u n\u00e1s v\u017edy p\u0159edch\u00e1zela kremace a m\u011b p\u0159i\u0161lo celkem pokryteck\u00e9, tv\u00e1\u0159it se, jako by cel\u00e1 ta plej\u00e1da zne\u010di\u0161t\u011bn\u00ed, co vznik\u00e1 v krematoriu, neexistovala a v\u0161e [&hellip;]<\/p>\n","protected":false},"author":2,"featured_media":60,"comment_status":"open","ping_status":"open","sticky":false,"template":"","format":"standard","meta":{"footnotes":""},"categories":[1],"tags":[],"class_list":["post-1","post","type-post","status-publish","format-standard","has-post-thumbnail","hentry","category-nezarazene"],"_links":{"self":[{"href":"https:\/\/www.poslednistopa.cz\/index.php\/wp-json\/wp\/v2\/posts\/1","targetHints":{"allow":["GET"]}}],"collection":[{"href":"https:\/\/www.poslednistopa.cz\/index.php\/wp-json\/wp\/v2\/posts"}],"about":[{"href":"https:\/\/www.poslednistopa.cz\/index.php\/wp-json\/wp\/v2\/types\/post"}],"author":[{"embeddable":true,"href":"https:\/\/www.poslednistopa.cz\/index.php\/wp-json\/wp\/v2\/users\/2"}],"replies":[{"embeddable":true,"href":"https:\/\/www.poslednistopa.cz\/index.php\/wp-json\/wp\/v2\/comments?post=1"}],"version-history":[{"count":10,"href":"https:\/\/www.poslednistopa.cz\/index.php\/wp-json\/wp\/v2\/posts\/1\/revisions"}],"predecessor-version":[{"id":137,"href":"https:\/\/www.poslednistopa.cz\/index.php\/wp-json\/wp\/v2\/posts\/1\/revisions\/137"}],"wp:featuredmedia":[{"embeddable":true,"href":"https:\/\/www.poslednistopa.cz\/index.php\/wp-json\/wp\/v2\/media\/60"}],"wp:attachment":[{"href":"https:\/\/www.poslednistopa.cz\/index.php\/wp-json\/wp\/v2\/media?parent=1"}],"wp:term":[{"taxonomy":"category","embeddable":true,"href":"https:\/\/www.poslednistopa.cz\/index.php\/wp-json\/wp\/v2\/categories?post=1"},{"taxonomy":"post_tag","embeddable":true,"href":"https:\/\/www.poslednistopa.cz\/index.php\/wp-json\/wp\/v2\/tags?post=1"}],"curies":[{"name":"wp","href":"https:\/\/api.w.org\/{rel}","templated":true}]}}